{"id":1208,"date":"2025-02-18T14:30:00","date_gmt":"2025-02-18T13:30:00","guid":{"rendered":"https:\/\/www.planeur-bailleau.org\/?p=1208"},"modified":"2025-03-18T14:34:21","modified_gmt":"2025-03-18T13:34:21","slug":"championnat-de-france-2025","status":"publish","type":"post","link":"https:\/\/www.planeur-bailleau.org\/en\/championnat-de-france-2025\/","title":{"rendered":"French contest 2025"},"content":{"rendered":"<p>The Centre V\u00e9livole du Val de l\u2019Eure (CVVE) is proud to announce the organization of the 2025 French Gliding Championship, which will take place from May 4 to May 10, 2025, in Bailleau-Armenonville. This competition will feature the General and Women\u2019s categories, with Standard, 15-Meter, and 20-Meter Two-Seater classes. <\/p>\n\n\n<div class=\"wp-block-image\">\n<figure class=\"aligncenter size-large is-resized\"><img data-opt-id=1704574123  fetchpriority=\"high\" decoding=\"async\" width=\"724\" height=\"1024\" src=\"https:\/\/mlabtis7g2sm.i.optimole.com\/w:724\/h:1024\/q:mauto\/f:best\/https:\/\/www.planeur-bailleau.org\/wp-content\/uploads\/2025\/03\/france.png\" alt=\"\" class=\"wp-image-1202\" style=\"width:251px;height:auto\" srcset=\"https:\/\/mlabtis7g2sm.i.optimole.com\/w:724\/h:1024\/q:mauto\/f:best\/https:\/\/www.planeur-bailleau.org\/wp-content\/uploads\/2025\/03\/france.png 724w, https:\/\/mlabtis7g2sm.i.optimole.com\/w:212\/h:300\/q:mauto\/f:best\/https:\/\/www.planeur-bailleau.org\/wp-content\/uploads\/2025\/03\/france.png 212w, https:\/\/mlabtis7g2sm.i.optimole.com\/w:763\/h:1080\/q:mauto\/f:best\/https:\/\/www.planeur-bailleau.org\/wp-content\/uploads\/2025\/03\/france.png 768w, https:\/\/mlabtis7g2sm.i.optimole.com\/w:763\/h:1080\/q:mauto\/f:best\/https:\/\/www.planeur-bailleau.org\/wp-content\/uploads\/2025\/03\/france.png 1086w, https:\/\/mlabtis7g2sm.i.optimole.com\/w:8\/h:12\/q:mauto\/f:best\/dpr:2\/https:\/\/www.planeur-bailleau.org\/wp-content\/uploads\/2025\/03\/france.png 8w, https:\/\/mlabtis7g2sm.i.optimole.com\/w:600\/h:849\/q:mauto\/f:best\/https:\/\/www.planeur-bailleau.org\/wp-content\/uploads\/2025\/03\/france.png 600w, https:\/\/mlabtis7g2sm.i.optimole.com\/w:763\/h:1080\/q:mauto\/f:best\/https:\/\/www.planeur-bailleau.org\/wp-content\/uploads\/2025\/03\/france.png 1414w\" sizes=\"(max-width: 724px) 100vw, 724px\" \/><\/figure>\n<\/div>\n\n\n<p>Drawing on our experience, we have already had the honor of organizing this competition in 2018, 2021, and 2023, providing exemplary organization and optimal flying conditions at each edition.<\/p>\n\n\n\n<p>Les inscriptions sont d\u00e9sormais ouvertes \u00e0 tous les pilotes souhaitant participer. Pour vous inscrire et obtenir plus d&rsquo;informations, veuillez consulter le site officiel de la comp\u00e9tition :<\/p>\n\n\n\n<p><a href=\"https:\/\/www.soaringspot.com\/fr\/cdf2025-bailleau\/\">Soaring Spot :: Championnat de France 2025 Cat\u00e9gorie G\u00e9n\u00e9rale&amp;F\u00e9minine Classe Standard+15m et Classe Biplace 20m<\/a><\/p>\n\n\n\n<p>Ne manquez pas cette occasion de participer \u00e0 un \u00e9v\u00e9nement majeur du vol \u00e0 voile en France, dans un cadre exceptionnel et une ambiance conviviale.\u200b<\/p>","protected":false},"excerpt":{"rendered":"<p>Le Centre V\u00e9livole du Val de l&rsquo;Eure (CVVE) est fier d&rsquo;annoncer l&rsquo;organisation du Championnat de France 2025 de vol en planeur, qui se tiendra du 4 au 10 mai 2025&hellip;&nbsp;<a href=\"https:\/\/www.planeur-bailleau.org\/en\/championnat-de-france-2025\/\" rel=\"bookmark\">Read More &raquo;<span class=\"screen-reader-text\">French contest 2025<\/span><\/a><\/p>","protected":false},"author":7,"featured_media":1202,"comment_status":"open","ping_status":"open","sticky":false,"template":"","format":"standard","meta":{"neve_meta_sidebar":"","neve_meta_container":"","neve_meta_enable_content_width":"","neve_meta_content_width":0,"neve_meta_title_alignment":"","neve_meta_author_avatar":"","neve_post_elements_order":"","neve_meta_disable_header":"","neve_meta_disable_footer":"","neve_meta_disable_title":"","_price":"","_stock":"","_tribe_ticket_header":"","_tribe_default_ticket_provider":"","_ticket_start_date":"","_ticket_end_date":"","_tribe_ticket_show_description":"","_tribe_ticket_show_not_going":false,"_tribe_ticket_use_global_stock":"","_tribe_ticket_global_stock_level":"","_global_stock_mode":"","_global_stock_cap":"","_tribe_rsvp_for_event":"","_tribe_ticket_going_count":"","_tribe_ticket_not_going_count":"","_tribe_tickets_list":"[]","_tribe_ticket_has_attendee_info_fields":false,"_themeisle_gutenberg_block_has_review":false,"footnotes":""},"categories":[1],"tags":[],"class_list":["post-1208","post","type-post","status-publish","format-standard","has-post-thumbnail","hentry","category-uncategorized"],"_links":{"self":[{"href":"https:\/\/www.planeur-bailleau.org\/en\/wp-json\/wp\/v2\/posts\/1208","targetHints":{"allow":["GET"]}}],"collection":[{"href":"https:\/\/www.planeur-bailleau.org\/en\/wp-json\/wp\/v2\/posts"}],"about":[{"href":"https:\/\/www.planeur-bailleau.org\/en\/wp-json\/wp\/v2\/types\/post"}],"author":[{"embeddable":true,"href":"https:\/\/www.planeur-bailleau.org\/en\/wp-json\/wp\/v2\/users\/7"}],"replies":[{"embeddable":true,"href":"https:\/\/www.planeur-bailleau.org\/en\/wp-json\/wp\/v2\/comments?post=1208"}],"version-history":[{"count":5,"href":"https:\/\/www.planeur-bailleau.org\/en\/wp-json\/wp\/v2\/posts\/1208\/revisions"}],"predecessor-version":[{"id":1213,"href":"https:\/\/www.planeur-bailleau.org\/en\/wp-json\/wp\/v2\/posts\/1208\/revisions\/1213"}],"wp:featuredmedia":[{"embeddable":true,"href":"https:\/\/www.planeur-bailleau.org\/en\/wp-json\/wp\/v2\/media\/1202"}],"wp:attachment":[{"href":"https:\/\/www.planeur-bailleau.org\/en\/wp-json\/wp\/v2\/media?parent=1208"}],"wp:term":[{"taxonomy":"category","embeddable":true,"href":"https:\/\/www.planeur-bailleau.org\/en\/wp-json\/wp\/v2\/categories?post=1208"},{"taxonomy":"post_tag","embeddable":true,"href":"https:\/\/www.planeur-bailleau.org\/en\/wp-json\/wp\/v2\/tags?post=1208"}],"curies":[{"name":"wp","href":"https:\/\/api.w.org\/{rel}","templated":true}]}}