{"id":918,"date":"2021-01-18T00:44:12","date_gmt":"2021-01-17T23:44:12","guid":{"rendered":"http:\/\/cvve-bailleau.local\/?p=918"},"modified":"2023-10-09T23:58:11","modified_gmt":"2023-10-09T21:58:11","slug":"recit-de-vol-damien-vol-du-6-juillet-2020-1000km","status":"publish","type":"post","link":"https:\/\/www.planeur-bailleau.org\/en\/recit-de-vol-damien-vol-du-6-juillet-2020-1000km\/","title":{"rendered":"[R\u00e9cit de vol] &#8211; Damien &#8211; Vol du 6 Juillet 2020 &#8211; 1000km"},"content":{"rendered":"<p>Suite au 1000 bornes \u201clibre\u201d d\u2019Eric et \u00e0 l\u2019offre de BL par Louis, l\u2019id\u00e9e de tenter les 1000 km comme pr\u00e9vu au d\u00e9part de Bailleau a d\u00fb commencer \u00e0 murir dans la t\u00eate de certains pilotes du CVVE, dans la mienne en particulier. En 2019, j\u2019ai d\u00e9cid\u00e9 d\u2019investir dans SkySight pour augmenter les chances de r\u00e9ussite.<\/p>\n\n\n\n<p>Par un coup de chance extraordinaire, le 6 juillet offert aux 35000 employ\u00e9 de ma soci\u00e9t\u00e9 \u00e0 l\u2019occasion de ses 35 ans co\u00efncide avec de tr\u00e8s belles pr\u00e9visions par SkySight et TopMeteo depuis le 2 juillet, et Eva peut g\u00e9rer les enfants matin et soir. C\u2019est donc d\u00e9cid\u00e9, apr\u00e8s une tentative avort\u00e9e une semaine avant, je tente le 1000 le 6 juillet.<\/p>\n\n\n\n<p>Sylvain, qui veut s\u2019y frotter aussi, est d\u00e9j\u00e0 en train de ballaster son Nimbus 2 alors que j\u2019arrive au hangar \u00e0 6h40, je ne suis pas le seul excit\u00e9, le BL est dispo, c\u2019est cool.<\/p>\n\n\n\n<p>C\u2019est ainsi que nous sommes une bonne dizaine de planeurs align\u00e9s en piste Ouest et pr\u00eats \u00e0 d\u00e9coller \u00e0 9h30, tous pleins de grandes ambitions.<\/p>\n\n\n\n<p>Les Cumulus n\u2019\u00e9tant pas encore tout \u00e0 fait engageants \u00e0 l\u2019heure pr\u00e9vue, cela laisse un peu de temps \u00e0 la d\u00e9cision finale du circuit. SkySight et TopMeteo annoncent depuis 4 jours la bonne zone dans l\u2019axe Troyes &#8211; La Roche sur Yon. N\u00e9anmoins, le vent \u00e9tant relativement fort du NW, TopMeteo pr\u00e9voit des 1000 bornes dans l\u2019axe du vent. Sylvain et Eric croient fort dans cette option, mais la RTBA \u00e9tant active en Bourgogne, cela interdit le circuit que j\u2019avais pr\u00e9vu pour celle ci. Apr\u00e8s une longue h\u00e9sitation, je choisis les alignements et affiche un double Aller Retour Bailleau &#8211; Chatillon sur Seine &#8211; Mortagne &#8211; Y Tgv Tonnerre &#8211; Bailleau, ce qui a \u00e9galement pour m\u00e9rite d\u2019\u00e9viter toute zone a\u00e9rienne.<\/p>\n\n\n\n<p>C\u2019est parti, apr\u00e8s un d\u00e9collage \u00e0 10h, G\u00e9rard m\u2019enroule un magnifique 2m\/s qui me monte \u00e0 800m. C\u2019est bien parti. Merci G\u00e9rard!<\/p>\n\n\n\n<p>Le plafond monte assez rapidement \u00e0 1000m avec de bons varios, et la moyenne est bonne jusqu\u2019\u00e0 Saint Florentin malgr\u00e9 un petit point \u00e0 300m sol dans la vent arri\u00e8re de Joigny.<\/p>\n\n\n\n<p>Malheureusement, le secteur de Ch\u00e2tillon sur Seine rime pour moi avec un gros coup de mou et Eric, parti 40 km derri\u00e8re moi fini par me doubler vers St Florentin apr\u00e8s avoir vir\u00e9.<\/p>\n\n\n\n<p>GLOUPS, et alors que Florent me taquine \u00e0 la radio, je r\u00e9ponds que je vais solder mes comptes au CVVE et arr\u00eater le Vol \u00e0 Voile.&nbsp;<\/p>\n\n\n\n<p>Ceci \u00e9tant dit, hormis pour l\u2019amour propre, ce n\u2019est pas bien grave. D\u00e9j\u00e0, Eric vole tr\u00e8s bien, ce n\u2019est pas une course, mais bel et bien une \u00e9preuve de distance, et la journ\u00e9e est encore longue. J\u2019ai d\u00e9j\u00e0 fais un point bas \u00e0 l\u2019aller, avec ce vent, je ne veux pas voler trop bas.&nbsp;<\/p>\n\n\n\n<p>Donc, la situation n\u2019est pas catastrophique, mais faudrait quand m\u00eame penser \u00e0 r\u00e9-acc\u00e9l\u00e9rer.<\/p>\n\n\n\n<p>Ca tombe bien, on va pouvoir s\u2019y atteler sous \u201cLA RUE\u201d! Fabuleuse entre St Florentin et Courville sur Eure, pleine de gros varios et avec du plafond. La Namibie en Beauce!<\/p>\n\n\n\n<p>Eric fait demi tour \u00e0 Courville en direction de Tonnerre alors que je continue vers Mortagne o\u00f9 je dois me calmer un peu parce que c\u2019est encore bon certe, mais un peu moins quand m\u00eame. Ne surtout pas faire de point bas avec ce vent.&nbsp;<\/p>\n\n\n\n<p>De retour relativement rapidement sur la Beauce o\u00f9 les plafonds sont d\u00e9sormais \u00e0 2000m, Eric m\u2019annonce des moyennes de 150 km\/h vent arri\u00e8re.<\/p>\n\n\n\n<p>Ca peut le faire ! Ca peut le faire !<\/p>\n\n\n\n<p>Effectivement, la moyenne de la derni\u00e8re heure monte jusqu\u2019\u00e0 156 km\/h jusqu\u2019\u00e0 Tonnerre que je vire \u00e0 17h45. C\u2019est bon, je suis dans les temps!<\/p>\n\n\n\n<p>Si la m\u00e9t\u00e9o est bonne jusqu\u2019\u00e0 20h30 comme me le promet Florent, ca devrait le faire.<\/p>\n\n\n\n<p>Face au vent, ca marche encore tr\u00e8s bien jusqu\u2019\u00e0 Montargis o\u00f9 je suis encore confiant malgr\u00e9 un ass\u00e8chement manifeste sur la Beauce, il est 19h et il y a encore 3 Cu qui devraient me mettre sur le plan.&nbsp;<\/p>\n\n\n\n<p>Malheureusement, ces 3 Cu ne tiendront pas leur promesses et je dois faire un l\u00e9ger d\u00e9tour vers Pithiviers o\u00f9 la derni\u00e8re nuelle s\u2019attarde (pour moi?). Le retour ne va pas \u00eatre \u00e9vident et je me promets de ne pas renouveler l\u2019abonnement \u00e0 FloMeteo\u2026<\/p>\n\n\n\n<p>J\u2019y gratte tout ce que je peux dans un 0.5\/0.8 m\/s pour gagner un plan sans s\u00e9curit\u00e9 face au vent toujours fort. C\u2019est pas gagn\u00e9, mais direction Bailleau.<\/p>\n\n\n\n<p>Quelques tours par-ci par l\u00e0 dans des 0-0.5m\/s permettent de gagner un peu de s\u00e9curit\u00e9 qui sera perdue juste avant de surfer la vall\u00e9e de la Voise qui me permettra, avec un BIG SMILE dans le planeur, de passer un peu avant 20h la ligne face \u00e0 l\u2019ouest \u00e0 200m et de faire une vent arri\u00e8re main gauche pour la Nord, alors que Nico me f\u00e9licite.<\/p>\n\n\n\n<p>Juste \u00e0 temps pour que Mathilde ach\u00e8te de quoi faire un petit pot pour f\u00eater cette folle journ\u00e9e au CVVE.&nbsp;<\/p>\n\n\n\n<p>En effet le bilan de la journ\u00e9e est \u00e9loquent : en plus du 1000 bornes, le record de France de distance en 15m pour Eric avec 928km au compteur, 750 km FAI pour Louise, Mathieu (\u00e0 21 ans), Skander, 500km FAI pour Alisa et Th\u00e9o, ainsi que de nombreux grands vols.<\/p>\n\n\n\n<p>Personnellement, je suis bien content d\u2019avoir tent\u00e9 un grand et long vol une semaine plus t\u00f4t, ce qui m\u2019a fait prendre conscience que ce type de vol ne s\u2019improvisait pas et se pr\u00e9parait un minimum la veille (m\u00e9t\u00e9o, notam, choix de circuits, sandwich, grany, bananes etc).<\/p>\n\n\n\n<p>Enfin, je remercie vivement Eric et Florent pour leurs encouragements pendant le vol, mon patron d\u2019avoir choisi la bonne journ\u00e9e pour l\u2019offrir \u00e0 ses employ\u00e9s et Eva de s\u2019\u00eatre rendue disponible\u2026 \ud83d\ude09<\/p>\n\n\n\n<p>Et bien s\u00fbr Louis, gr\u00e2ce \u00e0 qui j&rsquo;ai eu la chance de r\u00e9aliser un des rares 1000 bornes effectu\u00e9s sur un planeur club.<\/p>\n\n\n\n<p>Damien<\/p>","protected":false},"excerpt":{"rendered":"<p>Suite au 1000 bornes \u201clibre\u201d d\u2019Eric et \u00e0 l\u2019offre de BL par Louis, l\u2019id\u00e9e de tenter les 1000 km comme pr\u00e9vu au d\u00e9part de Bailleau a d\u00fb commencer \u00e0 murir&hellip;&nbsp;<a href=\"https:\/\/www.planeur-bailleau.org\/en\/recit-de-vol-damien-vol-du-6-juillet-2020-1000km\/\" rel=\"bookmark\">Read More &raquo;<span class=\"screen-reader-text\">[R\u00e9cit de vol] &#8211; Damien &#8211; Vol du 6 Juillet 2020 &#8211; 1000km<\/span><\/a><\/p>\n","protected":false},"author":3,"featured_media":439,"comment_status":"open","ping_status":"open","sticky":false,"template":"","format":"standard","meta":{"neve_meta_sidebar":"","neve_meta_container":"","neve_meta_enable_content_width":"","neve_meta_content_width":0,"neve_meta_title_alignment":"","neve_meta_author_avatar":"","neve_post_elements_order":"[\"title\",\"meta\",\"thumbnail\",\"content\",\"tags\"]","neve_meta_disable_header":"","neve_meta_disable_footer":"","neve_meta_disable_title":"","_price":"","_stock":"","_tribe_ticket_header":"","_tribe_default_ticket_provider":"","_ticket_start_date":"","_ticket_end_date":"","_tribe_ticket_show_description":"","_tribe_ticket_show_not_going":false,"_tribe_ticket_use_global_stock":"","_tribe_ticket_global_stock_level":"","_global_stock_mode":"","_global_stock_cap":"","_tribe_rsvp_for_event":"","_tribe_ticket_going_count":"","_tribe_ticket_not_going_count":"","_tribe_tickets_list":"[]","_tribe_ticket_has_attendee_info_fields":false,"_themeisle_gutenberg_block_has_review":false,"footnotes":""},"categories":[1],"tags":[],"class_list":["post-918","post","type-post","status-publish","format-standard","has-post-thumbnail","hentry","category-uncategorized"],"_links":{"self":[{"href":"https:\/\/www.planeur-bailleau.org\/en\/wp-json\/wp\/v2\/posts\/918","targetHints":{"allow":["GET"]}}],"collection":[{"href":"https:\/\/www.planeur-bailleau.org\/en\/wp-json\/wp\/v2\/posts"}],"about":[{"href":"https:\/\/www.planeur-bailleau.org\/en\/wp-json\/wp\/v2\/types\/post"}],"author":[{"embeddable":true,"href":"https:\/\/www.planeur-bailleau.org\/en\/wp-json\/wp\/v2\/users\/3"}],"replies":[{"embeddable":true,"href":"https:\/\/www.planeur-bailleau.org\/en\/wp-json\/wp\/v2\/comments?post=918"}],"version-history":[{"count":3,"href":"https:\/\/www.planeur-bailleau.org\/en\/wp-json\/wp\/v2\/posts\/918\/revisions"}],"predecessor-version":[{"id":1128,"href":"https:\/\/www.planeur-bailleau.org\/en\/wp-json\/wp\/v2\/posts\/918\/revisions\/1128"}],"wp:featuredmedia":[{"embeddable":true,"href":"https:\/\/www.planeur-bailleau.org\/en\/wp-json\/wp\/v2\/media\/439"}],"wp:attachment":[{"href":"https:\/\/www.planeur-bailleau.org\/en\/wp-json\/wp\/v2\/media?parent=918"}],"wp:term":[{"taxonomy":"category","embeddable":true,"href":"https:\/\/www.planeur-bailleau.org\/en\/wp-json\/wp\/v2\/categories?post=918"},{"taxonomy":"post_tag","embeddable":true,"href":"https:\/\/www.planeur-bailleau.org\/en\/wp-json\/wp\/v2\/tags?post=918"}],"curies":[{"name":"wp","href":"https:\/\/api.w.org\/{rel}","templated":true}]}}