{"id":928,"date":"2023-04-14T10:01:53","date_gmt":"2023-04-14T08:01:53","guid":{"rendered":"http:\/\/cvve-bailleau.local\/?p=928"},"modified":"2023-10-09T23:57:46","modified_gmt":"2023-10-09T21:57:46","slug":"le-cvve-et-le-developpement-durable","status":"publish","type":"post","link":"https:\/\/www.planeur-bailleau.org\/en\/le-cvve-et-le-developpement-durable\/","title":{"rendered":"Le CVVE et le d\u00e9veloppement durable"},"content":{"rendered":"<div class=\"wp-block-columns is-layout-flex wp-container-core-columns-is-layout-9d6595d7 wp-block-columns-is-layout-flex\">\n<div class=\"wp-block-column is-vertically-aligned-center is-layout-flow wp-block-column-is-layout-flow\" style=\"flex-basis:200px\"><div class=\"wp-block-image\">\n<figure class=\"alignleft size-full\"><img data-opt-id=1713697252  fetchpriority=\"high\" decoding=\"async\" width=\"155\" height=\"144\" src=\"https:\/\/mlabtis7g2sm.i.optimole.com\/w:auto\/h:auto\/q:mauto\/f:best\/https:\/\/www.planeur-bailleau.org\/wp-content\/uploads\/2023\/08\/U1Tzivv.jpg\" alt=\"\" class=\"wp-image-931\" srcset=\"https:\/\/mlabtis7g2sm.i.optimole.com\/w:155\/h:144\/q:mauto\/f:best\/https:\/\/www.planeur-bailleau.org\/wp-content\/uploads\/2023\/08\/U1Tzivv.jpg 155w, https:\/\/mlabtis7g2sm.i.optimole.com\/w:13\/h:12\/q:mauto\/f:best\/dpr:2\/https:\/\/www.planeur-bailleau.org\/wp-content\/uploads\/2023\/08\/U1Tzivv.jpg 13w\" sizes=\"(max-width: 155px) 100vw, 155px\" \/><\/figure>\n<\/div><\/div>\n\n\n\n<div class=\"wp-block-column is-vertically-aligned-center is-layout-flow wp-block-column-is-layout-flow\"><div class=\"wp-block-image\">\n<figure class=\"alignleft size-full is-resized\"><img data-opt-id=1948263206  fetchpriority=\"high\" decoding=\"async\" src=\"https:\/\/mlabtis7g2sm.i.optimole.com\/w:auto\/h:auto\/q:mauto\/f:best\/https:\/\/www.planeur-bailleau.org\/wp-content\/uploads\/2023\/08\/iji1lte.jpg\" alt=\"\" class=\"wp-image-930\" style=\"width:160px;height:171px\" width=\"160\" height=\"171\" srcset=\"https:\/\/mlabtis7g2sm.i.optimole.com\/w:160\/h:171\/q:mauto\/f:best\/https:\/\/www.planeur-bailleau.org\/wp-content\/uploads\/2023\/08\/iji1lte.jpg 160w, https:\/\/mlabtis7g2sm.i.optimole.com\/w:11\/h:12\/q:mauto\/f:best\/dpr:2\/https:\/\/www.planeur-bailleau.org\/wp-content\/uploads\/2023\/08\/iji1lte.jpg 11w\" sizes=\"(max-width: 160px) 100vw, 160px\" \/><\/figure>\n<\/div><\/div>\n<\/div>\n\n\n\n<h2 id=\"wp-block-themeisle-blocks-advanced-heading-ba43298a\" class=\"wp-block-themeisle-blocks-advanced-heading wp-block-themeisle-blocks-advanced-heading-ba43298a\">Le CVVE s&rsquo;engage \u00e0 obtenir le label\u00a0\u00ab D\u00e9veloppement durable, le sport s\u2019engage \u00bb<\/h2>\n\n\n\n<p><strong>Qu&rsquo;est\u00a0 ce que le label ?\u00a0<\/strong><\/p>\n\n\n\n<p>Ce label a \u00e9t\u00e9 cr\u00e9\u00e9 par le Comit\u00e9 National Olympique et Sportif Fran\u00e7ais (CNOSF),&nbsp; il atteste et valorise la d\u00e9marche des organisateurs de manifestations sportives qui s\u2019engagent \u00e0 mettre en&nbsp;\u0153uvre des \u00e9v\u00e8nements respectant 6 classes de crit\u00e8res :<\/p>\n\n\n\n<p>o Gouvernance : organisation, communication interne\/externe et partenariats<\/p>\n\n\n\n<p>o Management : ressources humaines<\/p>\n\n\n\n<p>o Respect : volet social, s\u00e9curitaire et sanitaire<\/p>\n\n\n\n<p>o Environnement : volet \u00e9cologique du Label (d\u00e9chets, alimentation, transports, \u00e9nergie, \u00e9missions CO2)<\/p>\n\n\n\n<p>o Ethique : volet \u00e9thique et transparence (sensibilisation, gestion des d\u00e9rives, achats \u00e9coresponsables&#8230;)<\/p>\n\n\n\n<p>o Territoire : volet solidarit\u00e9 et d\u00e9veloppement local<\/p>\n\n\n\n<p>Le label est une preuve de la qualit\u00e9 de l\u2019organisation des&nbsp; \u00e9v\u00e8nements<\/p>\n\n\n\n<p><strong>Pourquoi demander ce label ?&nbsp;<\/strong><\/p>\n\n\n\n<p>Le label est une preuve de la qualit\u00e9 de l\u2019organisation des \u00e9v\u00e8nements, il atteste et valorise la d\u00e9marche des organisateurs de manifestations sportives, d\u2019\u00e9v\u00e9nements en lien avec le sport, de formations en lien avec le sport et le d\u00e9veloppement&nbsp;durable\/la Responsabilit\u00e9 Soci\u00e9tale des Organisations sportives (RSO) qui s\u2019engagent \u00e0 d\u00e9velopper&nbsp;et mettre en \u0153uvre des actions respectant des crit\u00e8res environnementaux, sociaux, \u00e9conomiques,&nbsp;\u00e9thiques et de gouvernance pour des \u00e9v\u00e9nements \u00e9coresponsables.<\/p>\n\n\n\n<p>Ces actions ont pour finalit\u00e9 d\u2019optimiser les moyens \u00e0 notre disposition afin de&nbsp;p\u00e9renniser le vol en planeur et de contribuer \u00e0 pr\u00e9server notre plan\u00e8te et notre beau terrain de jeu.<\/p>\n\n\n\n<p>Adrien HENRY, organisateur du Championnat de France 2023 Cat\u00e9gorie G\u00e9n\u00e9rale et Cat\u00e9gorie F\u00e9minine Classe Standard+15m et Classe Biplace20m, pr\u00e9sente son parcours et l&rsquo;engagement du CVVE dans le cadre du d\u00e9veloppement durable c&rsquo;est par ici :&nbsp;<a href=\"https:\/\/youtu.be\/_qmVPD3enFY\">https:\/\/youtu.be\/_qmVPD3enFY<\/a><\/p>","protected":false},"excerpt":{"rendered":"<p>Qu&rsquo;est\u00a0 ce que le label ?\u00a0 Ce label a \u00e9t\u00e9 cr\u00e9\u00e9 par le Comit\u00e9 National Olympique et Sportif Fran\u00e7ais (CNOSF),&nbsp; il atteste et valorise la d\u00e9marche des organisateurs de manifestations&hellip;&nbsp;<a href=\"https:\/\/www.planeur-bailleau.org\/en\/le-cvve-et-le-developpement-durable\/\" rel=\"bookmark\">Read More &raquo;<span class=\"screen-reader-text\">Le CVVE et le d\u00e9veloppement durable<\/span><\/a><\/p>","protected":false},"author":3,"featured_media":929,"comment_status":"open","ping_status":"open","sticky":false,"template":"","format":"standard","meta":{"neve_meta_sidebar":"","neve_meta_container":"","neve_meta_enable_content_width":"","neve_meta_content_width":0,"neve_meta_title_alignment":"","neve_meta_author_avatar":"","neve_post_elements_order":"","neve_meta_disable_header":"","neve_meta_disable_footer":"","neve_meta_disable_title":"","_price":"","_stock":"","_tribe_ticket_header":"","_tribe_default_ticket_provider":"","_ticket_start_date":"","_ticket_end_date":"","_tribe_ticket_show_description":"","_tribe_ticket_show_not_going":false,"_tribe_ticket_use_global_stock":"","_tribe_ticket_global_stock_level":"","_global_stock_mode":"","_global_stock_cap":"","_tribe_rsvp_for_event":"","_tribe_ticket_going_count":"","_tribe_ticket_not_going_count":"","_tribe_tickets_list":"[]","_tribe_ticket_has_attendee_info_fields":false,"_themeisle_gutenberg_block_has_review":false,"footnotes":""},"categories":[1],"tags":[],"class_list":["post-928","post","type-post","status-publish","format-standard","has-post-thumbnail","hentry","category-uncategorized"],"_links":{"self":[{"href":"https:\/\/www.planeur-bailleau.org\/en\/wp-json\/wp\/v2\/posts\/928","targetHints":{"allow":["GET"]}}],"collection":[{"href":"https:\/\/www.planeur-bailleau.org\/en\/wp-json\/wp\/v2\/posts"}],"about":[{"href":"https:\/\/www.planeur-bailleau.org\/en\/wp-json\/wp\/v2\/types\/post"}],"author":[{"embeddable":true,"href":"https:\/\/www.planeur-bailleau.org\/en\/wp-json\/wp\/v2\/users\/3"}],"replies":[{"embeddable":true,"href":"https:\/\/www.planeur-bailleau.org\/en\/wp-json\/wp\/v2\/comments?post=928"}],"version-history":[{"count":10,"href":"https:\/\/www.planeur-bailleau.org\/en\/wp-json\/wp\/v2\/posts\/928\/revisions"}],"predecessor-version":[{"id":1129,"href":"https:\/\/www.planeur-bailleau.org\/en\/wp-json\/wp\/v2\/posts\/928\/revisions\/1129"}],"wp:featuredmedia":[{"embeddable":true,"href":"https:\/\/www.planeur-bailleau.org\/en\/wp-json\/wp\/v2\/media\/929"}],"wp:attachment":[{"href":"https:\/\/www.planeur-bailleau.org\/en\/wp-json\/wp\/v2\/media?parent=928"}],"wp:term":[{"taxonomy":"category","embeddable":true,"href":"https:\/\/www.planeur-bailleau.org\/en\/wp-json\/wp\/v2\/categories?post=928"},{"taxonomy":"post_tag","embeddable":true,"href":"https:\/\/www.planeur-bailleau.org\/en\/wp-json\/wp\/v2\/tags?post=928"}],"curies":[{"name":"wp","href":"https:\/\/api.w.org\/{rel}","templated":true}]}}